{"id":2128,"date":"2023-04-27T18:00:55","date_gmt":"2023-04-27T16:00:55","guid":{"rendered":"https:\/\/adtg.ch\/premiere-assemblee-generale-de-lalliance\/"},"modified":"2025-10-17T10:08:54","modified_gmt":"2025-10-17T08:08:54","slug":"premiere-assemblee-generale-alliance","status":"publish","type":"post","link":"https:\/\/adtg.ch\/fr\/premiere-assemblee-generale-alliance\/","title":{"rendered":"Premi\u00e8re assembl\u00e9e g\u00e9n\u00e9rale de l&rsquo;Alliance"},"content":{"rendered":"\n<p><\/p><p>L&rsquo;\u00ab Alliance Transformation num\u00e9rique dans les soins de sant\u00e9 \u00bb, \u00e9tablie en 2021, sera d\u00e9sormais dot\u00e9e d&rsquo;une structure associative. Dix-neuf associations font partie des membres fondateurs, d&rsquo;autres associations ont annonc\u00e9 leur adh\u00e9sion. L&rsquo;objectif de l&rsquo;alliance est de combler le retard en mati\u00e8re de transformation num\u00e9rique en unissant les forces. Comme premi\u00e8re mesure, des recommandations pour la r\u00e9vision du dossier \u00e9lectronique du patient au niveau de l&rsquo;ordonnance et de la loi ont \u00e9t\u00e9 envoy\u00e9es au Conseil f\u00e9d\u00e9ral.<\/p>\n<p>Les deux expos\u00e9s ont re\u00e7u un accueil tr\u00e8s positif :<\/p>\n\n<h4 class=\"wp-block-heading\" style=\"padding-bottom:var(--wp--preset--spacing--30)\">Traitement des donn\u00e9es de sant\u00e9 \u00e0 l&rsquo;exemple du dossier \u00e9lectronique du patient (DEP)<\/h4>\n\n<p>Gian-Reto Grond, Office f\u00e9d\u00e9ral de la sant\u00e9 publique OFSP, Section Sant\u00e9 num\u00e9rique, Suppl\u00e9ant Le chef de service et le responsable de la section ont expliqu\u00e9 les approches pr\u00e9vues dans le contexte de la r\u00e9vision globale de la LDEP :<\/p>\n\n<p style=\"line-height:2\">\u2022 Les chercheurs ne \u00ab\u00a0p\u00e9n\u00e8trent\u00a0\u00bb pas dans l&rsquo;espace de confiance du DEP, mais les donn\u00e9es sont remises aux chercheurs. <br\/>\u2022 L&rsquo;OFSP ne veut pas de r\u00e8gles s\u00e9par\u00e9es ou sp\u00e9ciales dans la LDEP. \u2192 Cela signifie que les \u00e9l\u00e9ments suivants sont d\u00e9j\u00e0 d\u00e9finis aujourd&rsquo;hui, respectivement r\u00e9gl\u00e9s par la loi. <br\/>\u2022 Chercheurs <br\/>\u2022 Projets de recherche <br\/>\u2022 Modification des donn\u00e9es <br\/>\u2022 Consentement (g\u00e9n\u00e9ral) d&rsquo;un point de vue juridique <\/p>\n\n<p>La consultation sur la r\u00e9vision compl\u00e8te de la LDEP est annonc\u00e9e pour l&rsquo;automne 2023.<\/p>\n\n<hr class=\"wp-block-separator has-text-color has-ast-global-color-8-color has-alpha-channel-opacity has-ast-global-color-8-background-color has-background is-style-wide\" style=\"margin-top:14px;margin-bottom:14px\"\/>\n\n<h4 class=\"wp-block-heading\" style=\"padding-bottom:var(--wp--preset--spacing--30)\">R\u00e8glement europ\u00e9en sur l&rsquo;espace de donn\u00e9es de sant\u00e9 : menace ou opportunit\u00e9 ?<\/h4>\n\n<p>Dominik Geller, fondateur d&rsquo;hygiaso, a pr\u00e9sent\u00e9 le contenu de l&rsquo;Espace europ\u00e9en des donn\u00e9es de sant\u00e9 (EHDS) et les lois sur les donn\u00e9es concern\u00e9es par les changements :<\/p>\n\n<p><\/p>\n\n<p style=\"line-height:2\">\u2022GDPR, en vigueur <br\/>\u2022 Data Governance Act, en vigueur \u00e0 partir du 24 septembre 2021 <br\/>\u2022 Data Act, proposition \u00e0 venir en 2024 <br\/>\u2022 AI Act, proposition \u00e0 venir en 2023<\/p>\n\n<h5 class=\"wp-block-heading\">D\u00e9clarations centrales :<\/h5>\n\n<p style=\"line-height:2\">\u2022Le partage exclusif des donn\u00e9es est interdit (principe FRAND) <br\/>\u2022 Donn\u00e9es de l&rsquo;appareil transf\u00e9rables \u00e0 la demande de l&rsquo;utilisateur <br\/>\u2022 Tous les \u00e9tablissements du secteur de la sant\u00e9 doivent mettre leurs donn\u00e9es \u00e0 disposition dans l&rsquo;EHDS <br\/>\u2022 Donn\u00e9es de sant\u00e9 anonymes\/agr\u00e9g\u00e9es disponibles \u00e0 prix co\u00fbtant dans l&rsquo;infrastructure de l&rsquo;EHDS \u00e0 des fins d&rsquo;\u00e9valuation d&rsquo;int\u00e9r\u00eat g\u00e9n\u00e9ral <br\/><strong>\u2022<\/strong> IA : gouvernance des donn\u00e9es, QMS, surveillance des biais et notification des divergences causales graves, \u00e9tiquetage, responsabilit\u00e9 du fait des produits<\/p>\n\n<hr class=\"wp-block-separator has-text-color has-ast-global-color-8-color has-alpha-channel-opacity has-ast-global-color-8-background-color has-background is-style-wide\" style=\"margin-top:1.5rem;margin-bottom:1.5rem\"\/>\n\n<div class=\"wp-block-buttons is-content-justification-right is-layout-flex wp-container-core-buttons-is-layout-d445cf74 wp-block-buttons-is-layout-flex\">\n<div class=\"wp-block-button\"><a class=\"wp-block-button__link has-background wp-element-button\" href=\"https:\/\/adtg.ch\/blog\/\" style=\"border-radius:6px;background-color:#45a8b8\">retour au sommaire des articles \u2192<\/a><\/div>\n<\/div>\n","protected":false},"excerpt":{"rendered":"<p>La premi\u00e8re assembl\u00e9e g\u00e9n\u00e9rale de l&rsquo;\u00ab Alliance pour la transformation num\u00e9rique dans les soins de sant\u00e9 \u00bb a eu lieu le 27 avril 2023. Toutes les affaires ont \u00e9t\u00e9 approuv\u00e9es et d\u00e9charge a \u00e9t\u00e9 donn\u00e9e au comit\u00e9 directeur et au secr\u00e9tariat.<\/p>\n","protected":false},"author":1,"featured_media":2069,"comment_status":"open","ping_status":"closed","sticky":false,"template":"","format":"standard","meta":{"site-sidebar-layout":"default","site-content-layout":"","ast-site-content-layout":"default","site-content-style":"default","site-sidebar-style":"default","ast-global-header-display":"","ast-banner-title-visibility":"","ast-main-header-display":"","ast-hfb-above-header-display":"","ast-hfb-below-header-display":"","ast-hfb-mobile-header-display":"","site-post-title":"","ast-breadcrumbs-content":"","ast-featured-img":"","footer-sml-layout":"","ast-disable-related-posts":"","theme-transparent-header-meta":"default","adv-header-id-meta":"","stick-header-meta":"","header-above-stick-meta":"","header-main-stick-meta":"","header-below-stick-meta":"","astra-migrate-meta-layouts":"default","ast-page-background-enabled":"default","ast-page-background-meta":{"desktop":{"background-color":"var(--ast-global-color-4)","background-image":"","background-repeat":"repeat","background-position":"center center","background-size":"auto","background-attachment":"scroll","background-type":"","background-media":"","overlay-type":"","overlay-color":"","overlay-opacity":"","overlay-gradient":""},"tablet":{"background-color":"","background-image":"","background-repeat":"repeat","background-position":"center center","background-size":"auto","background-attachment":"scroll","background-type":"","background-media":"","overlay-type":"","overlay-color":"","overlay-opacity":"","overlay-gradient":""},"mobile":{"background-color":"","background-image":"","background-repeat":"repeat","background-position":"center center","background-size":"auto","background-attachment":"scroll","background-type":"","background-media":"","overlay-type":"","overlay-color":"","overlay-opacity":"","overlay-gradient":""}},"ast-content-background-meta":{"desktop":{"background-color":"var(--ast-global-color-5)","background-image":"","background-repeat":"repeat","background-position":"center center","background-size":"auto","background-attachment":"scroll","background-type":"","background-media":"","overlay-type":"","overlay-color":"","overlay-opacity":"","overlay-gradient":""},"tablet":{"background-color":"var(--ast-global-color-5)","background-image":"","background-repeat":"repeat","background-position":"center center","background-size":"auto","background-attachment":"scroll","background-type":"","background-media":"","overlay-type":"","overlay-color":"","overlay-opacity":"","overlay-gradient":""},"mobile":{"background-color":"var(--ast-global-color-5)","background-image":"","background-repeat":"repeat","background-position":"center center","background-size":"auto","background-attachment":"scroll","background-type":"","background-media":"","overlay-type":"","overlay-color":"","overlay-opacity":"","overlay-gradient":""}},"footnotes":""},"categories":[24],"tags":[29],"class_list":["post-2128","post","type-post","status-publish","format-standard","has-post-thumbnail","hentry","category-adtg-fr","tag-assemblee-generale"],"_links":{"self":[{"href":"https:\/\/adtg.ch\/fr\/wp-json\/wp\/v2\/posts\/2128","targetHints":{"allow":["GET"]}}],"collection":[{"href":"https:\/\/adtg.ch\/fr\/wp-json\/wp\/v2\/posts"}],"about":[{"href":"https:\/\/adtg.ch\/fr\/wp-json\/wp\/v2\/types\/post"}],"author":[{"embeddable":true,"href":"https:\/\/adtg.ch\/fr\/wp-json\/wp\/v2\/users\/1"}],"replies":[{"embeddable":true,"href":"https:\/\/adtg.ch\/fr\/wp-json\/wp\/v2\/comments?post=2128"}],"version-history":[{"count":9,"href":"https:\/\/adtg.ch\/fr\/wp-json\/wp\/v2\/posts\/2128\/revisions"}],"predecessor-version":[{"id":3226,"href":"https:\/\/adtg.ch\/fr\/wp-json\/wp\/v2\/posts\/2128\/revisions\/3226"}],"wp:featuredmedia":[{"embeddable":true,"href":"https:\/\/adtg.ch\/fr\/wp-json\/wp\/v2\/media\/2069"}],"wp:attachment":[{"href":"https:\/\/adtg.ch\/fr\/wp-json\/wp\/v2\/media?parent=2128"}],"wp:term":[{"taxonomy":"category","embeddable":true,"href":"https:\/\/adtg.ch\/fr\/wp-json\/wp\/v2\/categories?post=2128"},{"taxonomy":"post_tag","embeddable":true,"href":"https:\/\/adtg.ch\/fr\/wp-json\/wp\/v2\/tags?post=2128"}],"curies":[{"name":"wp","href":"https:\/\/api.w.org\/{rel}","templated":true}]}}