{"id":2508,"date":"2023-12-06T10:58:59","date_gmt":"2023-12-06T09:58:59","guid":{"rendered":"https:\/\/adtg.ch\/?p=2508"},"modified":"2025-10-17T10:07:34","modified_gmt":"2025-10-17T08:07:34","slug":"debut-prise-de-position-remuneration-diga-projet","status":"publish","type":"post","link":"https:\/\/adtg.ch\/fr\/debut-prise-de-position-remuneration-diga-projet\/","title":{"rendered":"D\u00e9but de la consultation Papier de position R\u00e9mun\u00e9ration DiGA \u2013 Proposition"},"content":{"rendered":"<p>La pr\u00e9sente prise de position \u00ab <strong>R\u00e9mun\u00e9ration des applications num\u00e9riques de sant\u00e9 en Suisse \u00bb<\/strong> a \u00e9t\u00e9 \u00e9labor\u00e9e dans le cadre du groupe de travail sur les incitations \u00e9conomiques par un sous-groupe dirig\u00e9 <strong>par Peter Wehrheim<\/strong> (Swiss Medtech). Nous remercions pour cette proposition et demandons aux membres et aux milieux int\u00e9ress\u00e9s de donner leur avis.<\/p>\n<p>Veuillez r\u00e9pondre aux questions dans le \u2192 <strong><a title=\"T\u00e9l\u00e9charger le document Word sur la prise de position\" href=\"https:\/\/adtg.ch\/wp-content\/uploads\/2024\/01\/Positionspapier-DiGA_ADTG-Vernehmlassung-Mitglieder_2023-12-05.docx\" target=\"_blank\" rel=\"noopener\">document Word ci-joint<\/a><\/strong>. Veuillez envoyer le formulaire rempli \u00e0 <strong><a title=\"Envoyer l'inscription \u00e0 Walter St\u00fcdeli\" href=\"&#x6d;&#x61;&#x69;&#x6c;&#116;&#111;:wa&#x6c;&#x74;&#x65;&#x72;&#46;&#115;tue&#x64;&#x65;&#x6c;&#x69;&#64;&#97;&#100;tg&#x2e;&#x63;&#x68;\" target=\"_blank\" rel=\"nofollow noopener\">&#119;&#x61;&#x6c;t&#101;&#x72;&#46;&#115;&#x74;&#x75;e&#100;&#x65;l&#105;&#x40;&#x61;d&#116;&#x67;&#46;&#99;&#x68;<\/a><\/strong> (date limite : 31.1.2024)<\/p>\n<p><a href=\"https:\/\/www.freepik.com\/author\/ijeab\" target=\"_blank\" rel=\"nofollow noopener\">Photo ijeab \u2013 Freepik.com<\/a><\/p>\n\n<hr class=\"wp-block-separator has-text-color has-alpha-channel-opacity has-background is-style-wide\" style=\"margin-top:22px;margin-bottom:22px;background-color:#9fbad3;color:#9fbad3\"\/>\n\n<div class=\"wp-block-buttons is-content-justification-right is-layout-flex wp-container-core-buttons-is-layout-d445cf74 wp-block-buttons-is-layout-flex\">\n<div class=\"wp-block-button\"><a class=\"wp-block-button__link has-background has-text-align-center wp-element-button\" href=\"https:\/\/adtg.ch\/fr\/articles-de-blog\/\" style=\"border-radius:6px;background-color:#45a8b8\"><strong>retour au sommaire des articles \u2192<\/strong><\/a><\/div>\n<\/div>\n","protected":false},"excerpt":{"rendered":"<p>La pr\u00e9sente prise de position \u00ab R\u00e9mun\u00e9ration des applications num\u00e9riques de sant\u00e9 en Suisse \u00bb a \u00e9t\u00e9 \u00e9labor\u00e9e dans le cadre du groupe de travail sur les incitations \u00e9conomiques par un sous-groupe dirig\u00e9 par Peter Wehrheim (Swiss Medtech). Nous remercions pour cette proposition et demandons aux membres et aux milieux int\u00e9ress\u00e9s de donner leur avis. [&hellip;]<\/p>\n","protected":false},"author":1,"featured_media":2079,"comment_status":"closed","ping_status":"closed","sticky":false,"template":"","format":"standard","meta":{"site-sidebar-layout":"default","site-content-layout":"","ast-site-content-layout":"default","site-content-style":"default","site-sidebar-style":"default","ast-global-header-display":"","ast-banner-title-visibility":"","ast-main-header-display":"","ast-hfb-above-header-display":"","ast-hfb-below-header-display":"","ast-hfb-mobile-header-display":"","site-post-title":"","ast-breadcrumbs-content":"","ast-featured-img":"","footer-sml-layout":"","ast-disable-related-posts":"","theme-transparent-header-meta":"default","adv-header-id-meta":"","stick-header-meta":"","header-above-stick-meta":"","header-main-stick-meta":"","header-below-stick-meta":"","astra-migrate-meta-layouts":"default","ast-page-background-enabled":"default","ast-page-background-meta":{"desktop":{"background-color":"var(--ast-global-color-4)","background-image":"","background-repeat":"repeat","background-position":"center center","background-size":"auto","background-attachment":"scroll","background-type":"","background-media":"","overlay-type":"","overlay-color":"","overlay-opacity":"","overlay-gradient":""},"tablet":{"background-color":"","background-image":"","background-repeat":"repeat","background-position":"center center","background-size":"auto","background-attachment":"scroll","background-type":"","background-media":"","overlay-type":"","overlay-color":"","overlay-opacity":"","overlay-gradient":""},"mobile":{"background-color":"","background-image":"","background-repeat":"repeat","background-position":"center center","background-size":"auto","background-attachment":"scroll","background-type":"","background-media":"","overlay-type":"","overlay-color":"","overlay-opacity":"","overlay-gradient":""}},"ast-content-background-meta":{"desktop":{"background-color":"var(--ast-global-color-5)","background-image":"","background-repeat":"repeat","background-position":"center center","background-size":"auto","background-attachment":"scroll","background-type":"","background-media":"","overlay-type":"","overlay-color":"","overlay-opacity":"","overlay-gradient":""},"tablet":{"background-color":"var(--ast-global-color-5)","background-image":"","background-repeat":"repeat","background-position":"center center","background-size":"auto","background-attachment":"scroll","background-type":"","background-media":"","overlay-type":"","overlay-color":"","overlay-opacity":"","overlay-gradient":""},"mobile":{"background-color":"var(--ast-global-color-5)","background-image":"","background-repeat":"repeat","background-position":"center center","background-size":"auto","background-attachment":"scroll","background-type":"","background-media":"","overlay-type":"","overlay-color":"","overlay-opacity":"","overlay-gradient":""}},"footnotes":""},"categories":[25],"tags":[26,27],"class_list":["post-2508","post","type-post","status-publish","format-standard","has-post-thumbnail","hentry","category-politique","tag-consultation","tag-prise-de-position"],"_links":{"self":[{"href":"https:\/\/adtg.ch\/fr\/wp-json\/wp\/v2\/posts\/2508","targetHints":{"allow":["GET"]}}],"collection":[{"href":"https:\/\/adtg.ch\/fr\/wp-json\/wp\/v2\/posts"}],"about":[{"href":"https:\/\/adtg.ch\/fr\/wp-json\/wp\/v2\/types\/post"}],"author":[{"embeddable":true,"href":"https:\/\/adtg.ch\/fr\/wp-json\/wp\/v2\/users\/1"}],"replies":[{"embeddable":true,"href":"https:\/\/adtg.ch\/fr\/wp-json\/wp\/v2\/comments?post=2508"}],"version-history":[{"count":5,"href":"https:\/\/adtg.ch\/fr\/wp-json\/wp\/v2\/posts\/2508\/revisions"}],"predecessor-version":[{"id":3530,"href":"https:\/\/adtg.ch\/fr\/wp-json\/wp\/v2\/posts\/2508\/revisions\/3530"}],"wp:featuredmedia":[{"embeddable":true,"href":"https:\/\/adtg.ch\/fr\/wp-json\/wp\/v2\/media\/2079"}],"wp:attachment":[{"href":"https:\/\/adtg.ch\/fr\/wp-json\/wp\/v2\/media?parent=2508"}],"wp:term":[{"taxonomy":"category","embeddable":true,"href":"https:\/\/adtg.ch\/fr\/wp-json\/wp\/v2\/categories?post=2508"},{"taxonomy":"post_tag","embeddable":true,"href":"https:\/\/adtg.ch\/fr\/wp-json\/wp\/v2\/tags?post=2508"}],"curies":[{"name":"wp","href":"https:\/\/api.w.org\/{rel}","templated":true}]}}